[{"@context":"https:\/\/schema.org\/","@type":"Article","@id":"https:\/\/www.sohm.cz\/poznavame-oblast-narodniho-parku-podyji\/#Article","mainEntityOfPage":"https:\/\/www.sohm.cz\/poznavame-oblast-narodniho-parku-podyji\/","headline":"Pozn\u00e1v\u00e1me oblast N\u00e1rodn\u00edho parku Podyj\u00ed","name":"Pozn\u00e1v\u00e1me oblast N\u00e1rodn\u00edho parku Podyj\u00ed","description":"Na\u0161e vlast je nesm\u00edrn\u011b kr\u00e1snou zem\u00ed a nav\u0161t\u011bvuje j\u00ed mnoho turist\u016f ze zahrani\u010d\u00ed. Ti se kup\u0159\u00edkladu rozj\u00ed\u017ed\u00ed za architektonick\u00fdmi pam\u00e1tkami a p\u0159\u00edrodn\u00edmi kr\u00e1sami a mo\u017en\u00e1,&hellip;","datePublished":"2025-09-05","dateModified":"2025-09-05","author":{"@type":"Person","@id":"https:\/\/www.sohm.cz\/author\/#Person","name":"","url":"https:\/\/www.sohm.cz\/author\/","identifier":1,"image":{"@type":"ImageObject","@id":"https:\/\/secure.gravatar.com\/avatar\/b653a05acc9928bc50547a0b6ed51698115bbf59840455a4bc9d337f928ec9d6?s=96&d=mm&r=g","url":"https:\/\/secure.gravatar.com\/avatar\/b653a05acc9928bc50547a0b6ed51698115bbf59840455a4bc9d337f928ec9d6?s=96&d=mm&r=g","height":96,"width":96}},"publisher":{"@type":"Organization","name":"sohm.cz","logo":{"@type":"ImageObject","@id":"\/logo.png","url":"\/logo.png","width":600,"height":60}},"image":{"@type":"ImageObject","@id":"https:\/\/www.sohm.cz\/wp-content\/uploads\/podyji-national-park-1906546_640_6.jpg","url":"https:\/\/www.sohm.cz\/wp-content\/uploads\/podyji-national-park-1906546_640_6.jpg","height":0,"width":0},"url":"https:\/\/www.sohm.cz\/poznavame-oblast-narodniho-parku-podyji\/","about":["Podnik\u00e1n\u00ed"],"wordCount":414,"articleBody":"        Na\u0161e vlast je nesm\u00edrn\u011b kr\u00e1snou zem\u00ed a nav\u0161t\u011bvuje j\u00ed mnoho turist\u016f ze zahrani\u010d\u00ed. Ti se kup\u0159\u00edkladu rozj\u00ed\u017ed\u00ed za architektonick\u00fdmi pam\u00e1tkami a p\u0159\u00edrodn\u00edmi kr\u00e1sami a mo\u017en\u00e1, \u017ee jste tak\u00e9 na sv\u00fdch toulk\u00e1ch potkali n\u00e1v\u0161t\u011bvn\u00edky z N\u011bmecka, z Rakouska a dokonce i z Japonska. K nejkr\u00e1sn\u011bj\u0161\u00edm oblastem \u010cesk\u00e9 republiky pat\u0159\u00ed i N\u00e1rodn\u00ed park Podyj\u00ed. Byl vyhl\u00e1\u0161en v roce 1991 a zauj\u00edm\u00e1 \u010d\u00e1st b\u00fdval\u00e9 Chr\u00e1n\u011bn\u00e9 krajinn\u00e9 oblasti Podyj\u00ed, kter\u00e1 se rozl\u00e9h\u00e1 pod\u00e9l toku Dyje mezi Vranovem nad Dyj\u00ed a Znojmem v p\u0159ibli\u017en\u00e9 d\u00e9lce \u010dty\u0159iceti kilometr\u016f. Jestli\u017ee si zajist\u00edte ubytov\u00e1n\u00ed ve Vranov\u011b nad Dyj\u00ed, m\u016f\u017eete odtud va\u0161e kroky nasm\u011brovat pr\u00e1v\u011b tam. N\u00e1rodn\u00ed park je p\u0159\u00edstupn\u00fd po zna\u010den\u00fdch cest\u00e1ch po cel\u00fd rok a m\u016f\u017ee v\u00e1m nab\u00eddnout pohled na meandruj\u00edc\u00ed \u0159\u00ed\u010dn\u00ed tok s mnoha chr\u00e1n\u011bn\u00fdmi druhy \u017eivo\u010dich\u016f a rostlin. V oblasti N\u00e1rodn\u00edho parku Podyj\u00ed se nach\u00e1z\u00ed i \u010detn\u00e9 vyhl\u00eddky, z nich\u017e lze po\u0159izovat doslova za ka\u017ed\u00e9ho po\u010das\u00ed n\u00e1dhern\u00e9 panoramatick\u00e9 fotografie a m\u00e1te-li z\u00e1jem, m\u016f\u017eete tamn\u00ed prost\u0159ed\u00ed porovnat se st\u0159edn\u00edm tokem Berounky, kde se tak\u00e9 nal\u00e9z\u00e1 \u0159ada vyhl\u00eddkov\u00fdch m\u00edst, nap\u0159\u00edklad vyhl\u00eddka nad z\u0159\u00edceninou hradu Kra\u0161ov, vyhl\u00eddka u \u010civic, vyhl\u00eddka Na Plaz\u00edch a Havlova sk\u00e1la u Libl\u00edna. V Podyj\u00ed zas m\u00e1te k dispozici nap\u0159\u00edklad Hardeggskou vyhl\u00eddku, vyhl\u00eddku Umlaufblick, vyhl\u00eddku Dev\u011bt ml\u00fdn\u016f, vyhl\u00eddku Kr\u00e1l\u016fv stolec a vyhl\u00eddku Sealsfield\u016fv k\u00e1men. Kter\u00e1 z vyhl\u00eddek je nejhez\u010d\u00ed? J\u00e1 osobn\u011b bych dal hlas vyhl\u00eddce Dev\u011bt ml\u00fdn\u016f a vyhl\u00eddce Umlaufblick v Podyj\u00ed a Havlov\u011b sk\u00e1le a vyhl\u00eddce u \u010civic na Berounce. P\u0159ekr\u00e1sn\u00e1 vyhl\u00eddkov\u00e1 m\u00edsta na obou \u0159ek\u00e1ch byste mohli vyu\u017e\u00edt i pro um\u011bleckou tvorbu. M\u00e1te-li k dispozici \u0161pi\u010dkov\u00fd fotoapar\u00e1t, kter\u00fd zvl\u00e1dne po\u0159\u00eddit sn\u00edmky s velmi vysok\u00fdm rozli\u0161en\u00edm, m\u016f\u017eete z\u00e1b\u011bry na zapadaj\u00edc\u00ed Slunce nad \u0159ekou nebo na b\u011blav\u00e1 oblaka na modr\u00e9m nebi vyu\u017e\u00edt pro tvorbu n\u00e1st\u011bnn\u00e9 fototapety, p\u0159\u00edpadn\u011b fototapetu um\u00edstit na posuvn\u00e9 dve\u0159e vestav\u011bn\u00e9 sk\u0159\u00edn\u011b.                                                                                                                                                                                                                                                                                                                                                                                          2\/5 - (1 vote)        "},{"@context":"https:\/\/schema.org\/","@type":"BreadcrumbList","itemListElement":[{"@type":"ListItem","position":1,"name":"Pozn\u00e1v\u00e1me oblast N\u00e1rodn\u00edho parku Podyj\u00ed","item":"https:\/\/www.sohm.cz\/poznavame-oblast-narodniho-parku-podyji\/#breadcrumbitem"}]}]